{"id":55820,"date":"2026-04-17T15:36:14","date_gmt":"2026-04-17T13:36:14","guid":{"rendered":"https:\/\/www.industrieceltex.com\/?p=55820"},"modified":"2026-04-22T17:23:33","modified_gmt":"2026-04-22T15:23:33","slug":"interclean-2026","status":"publish","type":"post","link":"https:\/\/www.industrieceltex.com\/pl\/interclean-2026\/","title":{"rendered":"Interclean 2026"},"content":{"rendered":"<p><img fetchpriority=\"high\" decoding=\"async\" class=\"alignnone size-full wp-image-55755\" src=\"https:\/\/www.industrieceltex.com\/wp-content\/uploads\/2026\/04\/Industrie-Celtex-at-Interclean.jpg\" alt=\"foto di gruppo con colleghi Industrie Celtex sullo stand\" width=\"1341\" height=\"701\" srcset=\"https:\/\/www.industrieceltex.com\/wp-content\/uploads\/2026\/04\/Industrie-Celtex-at-Interclean.jpg 1341w, https:\/\/www.industrieceltex.com\/wp-content\/uploads\/2026\/04\/Industrie-Celtex-at-Interclean-300x157.jpg 300w, https:\/\/www.industrieceltex.com\/wp-content\/uploads\/2026\/04\/Industrie-Celtex-at-Interclean-1024x535.jpg 1024w, https:\/\/www.industrieceltex.com\/wp-content\/uploads\/2026\/04\/Industrie-Celtex-at-Interclean-768x401.jpg 768w, https:\/\/www.industrieceltex.com\/wp-content\/uploads\/2026\/04\/Industrie-Celtex-at-Interclean-535x280.jpg 535w, https:\/\/www.industrieceltex.com\/wp-content\/uploads\/2026\/04\/Industrie-Celtex-at-Interclean-951x497.jpg 951w, https:\/\/www.industrieceltex.com\/wp-content\/uploads\/2026\/04\/Industrie-Celtex-at-Interclean-995x521.jpg 995w\" sizes=\"(max-width: 1341px) 100vw, 1341px\" \/><\/p>\n<p>Udzia\u0142 Industrie Celtex w targach <strong>Interclean Amsterdam 2026<\/strong> dobieg\u0142 ko\u0144ca \u2014 wydarzeniu o mi\u0119dzynarodowym znaczeniu dla sektora profesjonalnego utrzymania czysto\u015bci i higieny.<\/p>\n<p>W trakcie targ\u00f3w stoisko firmy stanowi\u0142o wa\u017cne miejsce spotka\u0144 z partnerami, dystrybutorami oraz przedstawicielami bran\u017cy z r\u00f3\u017cnych rynk\u00f3w. By\u0142a to okazja do zaprezentowania system\u00f3w i rozwi\u0105za\u0144 przeznaczonych dla <strong>higieny profesjonalnej<\/strong> oraz do uzyskania bardzo pozytywnych opinii od odwiedzaj\u0105cych. Mo\u017cliwo\u015b\u0107 bezpo\u015brednich spotka\u0144 pozostaje kluczowym elementem budowania trwa\u0142ych relacji oraz wymiany do\u015bwiadcze\u0144 i perspektyw.<\/p>\n<p>Udzia\u0142 w wydarzeniach takich jak Interclean wspiera dalszy rozw\u00f3j firmy oraz wzmacnia jej obecno\u015b\u0107 na rynkach zagranicznych, zgodnie z jej sta\u0142ym zaanga\u017cowaniem w innowacyjno\u015b\u0107, jako\u015b\u0107 i zr\u00f3wnowa\u017cony rozw\u00f3j.<\/p>\n","protected":false},"excerpt":{"rendered":"<p>Udzia\u0142 Industrie Celtex w targach Interclean Amsterdam 2026 dobieg\u0142 ko\u0144ca \u2014 wydarzeniu o mi\u0119dzynarodowym znaczeniu dla sektora profesjonalnego utrzymania czysto\u015bci i higieny. W trakcie targ\u00f3w stoisko firmy stanowi\u0142o wa\u017cne miejsce spotka\u0144 z partnerami, dystrybutorami oraz przedstawicielami bran\u017cy z r\u00f3\u017cnych rynk\u00f3w. By\u0142a&#8230;<\/p>\n","protected":false},"author":4,"featured_media":55766,"comment_status":"closed","ping_status":"closed","sticky":false,"template":"","format":"standard","meta":{"footnotes":""},"categories":[221],"tags":[],"class_list":["post-55820","post","type-post","status-publish","format-standard","has-post-thumbnail","hentry","category-blog-pl"],"_links":{"self":[{"href":"https:\/\/www.industrieceltex.com\/pl\/wp-json\/wp\/v2\/posts\/55820","targetHints":{"allow":["GET"]}}],"collection":[{"href":"https:\/\/www.industrieceltex.com\/pl\/wp-json\/wp\/v2\/posts"}],"about":[{"href":"https:\/\/www.industrieceltex.com\/pl\/wp-json\/wp\/v2\/types\/post"}],"author":[{"embeddable":true,"href":"https:\/\/www.industrieceltex.com\/pl\/wp-json\/wp\/v2\/users\/4"}],"replies":[{"embeddable":true,"href":"https:\/\/www.industrieceltex.com\/pl\/wp-json\/wp\/v2\/comments?post=55820"}],"version-history":[{"count":1,"href":"https:\/\/www.industrieceltex.com\/pl\/wp-json\/wp\/v2\/posts\/55820\/revisions"}],"predecessor-version":[{"id":55821,"href":"https:\/\/www.industrieceltex.com\/pl\/wp-json\/wp\/v2\/posts\/55820\/revisions\/55821"}],"wp:featuredmedia":[{"embeddable":true,"href":"https:\/\/www.industrieceltex.com\/pl\/wp-json\/wp\/v2\/media\/55766"}],"wp:attachment":[{"href":"https:\/\/www.industrieceltex.com\/pl\/wp-json\/wp\/v2\/media?parent=55820"}],"wp:term":[{"taxonomy":"category","embeddable":true,"href":"https:\/\/www.industrieceltex.com\/pl\/wp-json\/wp\/v2\/categories?post=55820"},{"taxonomy":"post_tag","embeddable":true,"href":"https:\/\/www.industrieceltex.com\/pl\/wp-json\/wp\/v2\/tags?post=55820"}],"curies":[{"name":"wp","href":"https:\/\/api.w.org\/{rel}","templated":true}]}}