{"id":53088,"date":"2026-01-20T10:48:01","date_gmt":"2026-01-20T09:48:01","guid":{"rendered":"https:\/\/www.industrieceltex.com\/?p=53088"},"modified":"2026-01-23T09:23:10","modified_gmt":"2026-01-23T08:23:10","slug":"53088","status":"publish","type":"post","link":"https:\/\/www.industrieceltex.com\/pl\/53088\/","title":{"rendered":"Marca 2026: edycja wyj\u0105tkowa"},"content":{"rendered":"<div><\/div>\n<div style=\"display: flex; justify-content: center; align-items: center; width: 100%; padding: 10px 0;\"><video style=\"max-width: 800px; height: 521px; border-radius: 8px; box-shadow: rgba(0, 0, 0, 0.1) 0px 10px 30px;\" poster=\"https:\/\/www.industrieceltex.com\/wp-content\/uploads\/2026\/01\/Progetto-senza-titolo-8.png\" controls=\"controls\" width=\"400\" height=\"80\"><span data-mce-type=\"bookmark\" style=\"display: inline-block; width: 0px; overflow: hidden; line-height: 0;\" class=\"mce_SELRES_start\"><\/span><br \/>\n<span data-mce-type=\"bookmark\" style=\"display: inline-block; width: 0px; overflow: hidden; line-height: 0;\" class=\"mce_SELRES_start\"><\/span><source src=\"https:\/\/www.industrieceltex.com\/wp-content\/uploads\/2026\/01\/Post_Video-MARCA.mp4\" type=\"video\/mp4\" \/><span data-mce-type=\"bookmark\" style=\"display: inline-block; width: 0px; overflow: hidden; line-height: 0;\" class=\"mce_SELRES_end\"><\/span><\/video><\/div>\n<p>Edycja 2026 targ\u00f3w Marca by BolognaFiere &amp; ADM, kt\u00f3ra odby\u0142a si\u0119 15 i 16 stycznia, potwierdzi\u0142a swoj\u0105 pozycj\u0119 jako jedna z najwa\u017cniejszych w historii dla \u015bwiata Marek W\u0142asnych Dystrybutor\u00f3w. W wydarzeniu wzi\u0119\u0142o udzia\u0142 2<strong>5 070 profesjonalnych odwiedzaj\u0105cych<\/strong>, co oznacza wzrost o <strong>+9% w por\u00f3wnaniu z rokiem 2025<\/strong>, a ca\u0142y ekosystem generuje dzi\u015b warto\u015b\u0107 odpowiadaj\u0105c\u0105 oko\u0142o 10% krajowego PKB. W pe\u0142ni wype\u0142nione hale targowe dodatkowo wzmocni\u0142y strategiczn\u0105 rol\u0119 MDD w sektorze d\u00f3br szybkozbywalnych.<\/p>\n<p>W tym kontek\u015bcie Industrie Celtex wzi\u0119\u0142a udzia\u0142 w targach, prezentuj\u0105c na swoim stoisku know-how w zakresie papier\u00f3w tissue oraz rozwi\u0105za\u0144 Private Label dedykowanych dla sieci wielkopowierzchniowych. By\u0142a to okazja do bezpo\u015bredniego dialogu z partnerami i profesjonalistami z bran\u017cy na temat rozwoju rynku oraz znaczenia oferty opartej na jako\u015bci, personalizacji i niezawodno\u015bci przemys\u0142owej.<\/p>\n<p>Udzia\u0142 w <strong>Marca 2026<\/strong> stanowi\u0142 r\u00f3wnie\u017c istotny moment pod wzgl\u0119dem widoczno\u015bci marki: wieczorem 18 stycznia program Studio Aperto po\u015bwi\u0119ci\u0142 targom specjalny materia\u0142 telewizyjny, w kt\u00f3rym znalaz\u0142o si\u0119 tak\u017ce miejsce dla Industrie Celtex, co potwierdza znaczenie wydarzenia oraz firm, kt\u00f3re je wsp\u00f3\u0142tworz\u0105.<\/p>\n<p>Dzi\u0119kujemy wszystkim, kt\u00f3rzy odwiedzili nas na targach.<\/p>\n","protected":false},"excerpt":{"rendered":"<p>Edycja 2026 targ\u00f3w Marca by BolognaFiere &amp; ADM, kt\u00f3ra odby\u0142a si\u0119 15 i 16 stycznia, potwierdzi\u0142a swoj\u0105 pozycj\u0119 jako jedna z najwa\u017cniejszych w historii dla \u015bwiata Marek W\u0142asnych Dystrybutor\u00f3w. W wydarzeniu wzi\u0119\u0142o udzia\u0142 25 070 profesjonalnych odwiedzaj\u0105cych, co oznacza wzrost o&#8230;<\/p>\n","protected":false},"author":4,"featured_media":53297,"comment_status":"closed","ping_status":"closed","sticky":false,"template":"","format":"standard","meta":{"footnotes":""},"categories":[221],"tags":[],"class_list":["post-53088","post","type-post","status-publish","format-standard","has-post-thumbnail","hentry","category-blog-pl"],"_links":{"self":[{"href":"https:\/\/www.industrieceltex.com\/pl\/wp-json\/wp\/v2\/posts\/53088","targetHints":{"allow":["GET"]}}],"collection":[{"href":"https:\/\/www.industrieceltex.com\/pl\/wp-json\/wp\/v2\/posts"}],"about":[{"href":"https:\/\/www.industrieceltex.com\/pl\/wp-json\/wp\/v2\/types\/post"}],"author":[{"embeddable":true,"href":"https:\/\/www.industrieceltex.com\/pl\/wp-json\/wp\/v2\/users\/4"}],"replies":[{"embeddable":true,"href":"https:\/\/www.industrieceltex.com\/pl\/wp-json\/wp\/v2\/comments?post=53088"}],"version-history":[{"count":17,"href":"https:\/\/www.industrieceltex.com\/pl\/wp-json\/wp\/v2\/posts\/53088\/revisions"}],"predecessor-version":[{"id":53258,"href":"https:\/\/www.industrieceltex.com\/pl\/wp-json\/wp\/v2\/posts\/53088\/revisions\/53258"}],"wp:featuredmedia":[{"embeddable":true,"href":"https:\/\/www.industrieceltex.com\/pl\/wp-json\/wp\/v2\/media\/53297"}],"wp:attachment":[{"href":"https:\/\/www.industrieceltex.com\/pl\/wp-json\/wp\/v2\/media?parent=53088"}],"wp:term":[{"taxonomy":"category","embeddable":true,"href":"https:\/\/www.industrieceltex.com\/pl\/wp-json\/wp\/v2\/categories?post=53088"},{"taxonomy":"post_tag","embeddable":true,"href":"https:\/\/www.industrieceltex.com\/pl\/wp-json\/wp\/v2\/tags?post=53088"}],"curies":[{"name":"wp","href":"https:\/\/api.w.org\/{rel}","templated":true}]}}