{"id":55814,"date":"2026-04-17T15:36:14","date_gmt":"2026-04-17T13:36:14","guid":{"rendered":"https:\/\/www.industrieceltex.com\/?p=55814"},"modified":"2026-04-22T16:57:52","modified_gmt":"2026-04-22T14:57:52","slug":"interclean-2026","status":"publish","type":"post","link":"https:\/\/www.industrieceltex.com\/fr\/interclean-2026\/","title":{"rendered":"Interclean 2026"},"content":{"rendered":"<p>&nbsp;<\/p>\n<p><img fetchpriority=\"high\" decoding=\"async\" class=\"alignnone size-full wp-image-55755\" src=\"https:\/\/www.industrieceltex.com\/wp-content\/uploads\/2026\/04\/Industrie-Celtex-at-Interclean.jpg\" alt=\"foto di gruppo con colleghi Industrie Celtex sullo stand\" width=\"1341\" height=\"701\" srcset=\"https:\/\/www.industrieceltex.com\/wp-content\/uploads\/2026\/04\/Industrie-Celtex-at-Interclean.jpg 1341w, https:\/\/www.industrieceltex.com\/wp-content\/uploads\/2026\/04\/Industrie-Celtex-at-Interclean-300x157.jpg 300w, https:\/\/www.industrieceltex.com\/wp-content\/uploads\/2026\/04\/Industrie-Celtex-at-Interclean-1024x535.jpg 1024w, https:\/\/www.industrieceltex.com\/wp-content\/uploads\/2026\/04\/Industrie-Celtex-at-Interclean-768x401.jpg 768w, https:\/\/www.industrieceltex.com\/wp-content\/uploads\/2026\/04\/Industrie-Celtex-at-Interclean-535x280.jpg 535w, https:\/\/www.industrieceltex.com\/wp-content\/uploads\/2026\/04\/Industrie-Celtex-at-Interclean-951x497.jpg 951w, https:\/\/www.industrieceltex.com\/wp-content\/uploads\/2026\/04\/Industrie-Celtex-at-Interclean-995x521.jpg 995w\" sizes=\"(max-width: 1341px) 100vw, 1341px\" \/><\/p>\n<p>La participation d\u2019Industrie Celtex \u00e0 <strong>Interclean Amsterdam 2026<\/strong> s\u2019est conclue, rendez-vous international de r\u00e9f\u00e9rence pour le secteur de la propret\u00e9 et de l\u2019hygi\u00e8ne professionnelles.<\/p>\n<p>Au cours du salon, le stand de l\u2019entreprise a repr\u00e9sent\u00e9 un important point de rencontre avec partenaires, distributeurs et op\u00e9rateurs provenant de diff\u00e9rents march\u00e9s, offrant l\u2019opportunit\u00e9 de pr\u00e9senter des syst\u00e8mes et des solutions d\u00e9di\u00e9s \u00e0 l\u2019hygi\u00e8ne professionnelle et de recueillir des retours particuli\u00e8rement positifs de la part des visiteurs. La possibilit\u00e9 d\u2019\u00e9changer en personne reste un \u00e9l\u00e9ment essentiel pour d\u00e9velopper des relations solides et partager exp\u00e9riences et perspectives.<\/p>\n<p>Des exp\u00e9riences comme Interclean contribuent \u00e0 renforcer le parcours de croissance et la pr\u00e9sence de l\u2019entreprise sur les march\u00e9s internationaux, en coh\u00e9rence avec son engagement constant en faveur de l\u2019innovation, de la qualit\u00e9 et du d\u00e9veloppement durable.<\/p>\n","protected":false},"excerpt":{"rendered":"<p>&nbsp; La participation d\u2019Industrie Celtex \u00e0 Interclean Amsterdam 2026 s\u2019est conclue, rendez-vous international de r\u00e9f\u00e9rence pour le secteur de la propret\u00e9 et de l\u2019hygi\u00e8ne professionnelles. Au cours du salon, le stand de l\u2019entreprise a repr\u00e9sent\u00e9 un important point de rencontre avec&#8230;<\/p>\n","protected":false},"author":4,"featured_media":55764,"comment_status":"closed","ping_status":"closed","sticky":false,"template":"","format":"standard","meta":{"footnotes":""},"categories":[131],"tags":[],"class_list":["post-55814","post","type-post","status-publish","format-standard","has-post-thumbnail","hentry","category-blog-fr"],"_links":{"self":[{"href":"https:\/\/www.industrieceltex.com\/fr\/wp-json\/wp\/v2\/posts\/55814","targetHints":{"allow":["GET"]}}],"collection":[{"href":"https:\/\/www.industrieceltex.com\/fr\/wp-json\/wp\/v2\/posts"}],"about":[{"href":"https:\/\/www.industrieceltex.com\/fr\/wp-json\/wp\/v2\/types\/post"}],"author":[{"embeddable":true,"href":"https:\/\/www.industrieceltex.com\/fr\/wp-json\/wp\/v2\/users\/4"}],"replies":[{"embeddable":true,"href":"https:\/\/www.industrieceltex.com\/fr\/wp-json\/wp\/v2\/comments?post=55814"}],"version-history":[{"count":3,"href":"https:\/\/www.industrieceltex.com\/fr\/wp-json\/wp\/v2\/posts\/55814\/revisions"}],"predecessor-version":[{"id":55817,"href":"https:\/\/www.industrieceltex.com\/fr\/wp-json\/wp\/v2\/posts\/55814\/revisions\/55817"}],"wp:featuredmedia":[{"embeddable":true,"href":"https:\/\/www.industrieceltex.com\/fr\/wp-json\/wp\/v2\/media\/55764"}],"wp:attachment":[{"href":"https:\/\/www.industrieceltex.com\/fr\/wp-json\/wp\/v2\/media?parent=55814"}],"wp:term":[{"taxonomy":"category","embeddable":true,"href":"https:\/\/www.industrieceltex.com\/fr\/wp-json\/wp\/v2\/categories?post=55814"},{"taxonomy":"post_tag","embeddable":true,"href":"https:\/\/www.industrieceltex.com\/fr\/wp-json\/wp\/v2\/tags?post=55814"}],"curies":[{"name":"wp","href":"https:\/\/api.w.org\/{rel}","templated":true}]}}