{"id":53316,"date":"2026-01-23T14:38:00","date_gmt":"2026-01-23T13:38:00","guid":{"rendered":"https:\/\/www.industrieceltex.com\/?p=53316"},"modified":"2026-01-23T15:24:49","modified_gmt":"2026-01-23T14:24:49","slug":"industrie-celtex-a-marca-2026","status":"publish","type":"post","link":"https:\/\/www.industrieceltex.com\/fr\/industrie-celtex-a-marca-2026\/","title":{"rendered":"Industrie Celtex \u00e0 Marca 2026"},"content":{"rendered":"<div style=\"display: flex; justify-content: center; align-items: center; width: 100%; padding: 10px 0;\"><video style=\"max-width: 800px; height: 521px; border-radius: 8px; box-shadow: rgba(0, 0, 0, 0.1) 0px 10px 30px;\" poster=\"https:\/\/www.industrieceltex.com\/wp-content\/uploads\/2026\/01\/Progetto-senza-titolo-8.png\" controls=\"controls\" width=\"400\" height=\"80\" data-mce-fragment=\"1\"><span data-mce-type=\"bookmark\" style=\"display: inline-block; width: 0px; overflow: hidden; line-height: 0;\" class=\"mce_SELRES_start\"><\/span><br \/>\n<span data-mce-type=\"bookmark\" style=\"display: inline-block; width: 0px; overflow: hidden; line-height: 0;\" class=\"mce_SELRES_start\"><\/span><source src=\"https:\/\/www.industrieceltex.com\/wp-content\/uploads\/2026\/01\/Post_Video-MARCA.mp4\" type=\"video\/mp4\" \/><span data-mce-type=\"bookmark\" style=\"display: inline-block; width: 0px; overflow: hidden; line-height: 0;\" class=\"mce_SELRES_end\"><\/span><\/video><\/div>\n<div>\n<p>L\u2019\u00e9dition <strong>2026 de Marca by BolognaFiere &amp; ADM<\/strong> s\u2019est confirm\u00e9e comme l\u2019une des plus significatives de tous les temps pour l\u2019univers de la Marque de Distributeur : <strong>25 070 visiteurs professionnels<\/strong>, une croissance de <strong>+9 % par rapport \u00e0 2025<\/strong> et un \u00e9cosyst\u00e8me qui g\u00e9n\u00e8re aujourd\u2019hui une valeur \u00e9quivalente \u00e0 environ <strong>10 % du PIB national<\/strong>. Un rendez-vous qui a affich\u00e9 complet dans les halls d\u2019exposition et qui a renforc\u00e9 le r\u00f4le strat\u00e9gique de la MDD dans le paysage des biens de grande consommation.<\/p>\n<p><strong>Industrie Celtex<\/strong> a particip\u00e9 \u00e0 l\u2019\u00e9v\u00e9nement en pr\u00e9sentant sur son stand son savoir-faire dans le domaine du papier tissue et des <strong>solutions Private Label d\u00e9di\u00e9es \u00e0 la Grande Distribution<\/strong>. Une occasion d\u2019\u00e9change direct avec des partenaires et des professionnels du secteur sur les \u00e9volutions du march\u00e9 et sur la valeur d\u2019une offre ax\u00e9e sur la qualit\u00e9, la personnalisation et la fiabilit\u00e9 de production. La participation \u00e0 Marca 2026 a \u00e9galement repr\u00e9sent\u00e9 un important moment de visibilit\u00e9 : lors de l\u2019\u00e9dition du soir du 18 janvier, l\u2019\u00e9mission Studio Aperto a consacr\u00e9 un reportage sp\u00e9cial au salon, mettant \u00e9galement en lumi\u00e8re la pr\u00e9sence d\u2019Industrie Celtex, t\u00e9moignant ainsi de l\u2019importance de l\u2019\u00e9v\u00e9nement et des entreprises impliqu\u00e9es.<\/p>\n<\/div>\n<div><\/div>\n","protected":false},"excerpt":{"rendered":"<p>L\u2019\u00e9dition 2026 de Marca by BolognaFiere &amp; ADM s\u2019est confirm\u00e9e comme l\u2019une des plus significatives de tous les temps pour l\u2019univers de la Marque de Distributeur : 25 070 visiteurs professionnels, une croissance de +9 % par rapport \u00e0 2025 et&#8230;<\/p>\n","protected":false},"author":4,"featured_media":53299,"comment_status":"closed","ping_status":"closed","sticky":false,"template":"","format":"standard","meta":{"footnotes":""},"categories":[131],"tags":[],"class_list":["post-53316","post","type-post","status-publish","format-standard","has-post-thumbnail","hentry","category-blog-fr"],"_links":{"self":[{"href":"https:\/\/www.industrieceltex.com\/fr\/wp-json\/wp\/v2\/posts\/53316","targetHints":{"allow":["GET"]}}],"collection":[{"href":"https:\/\/www.industrieceltex.com\/fr\/wp-json\/wp\/v2\/posts"}],"about":[{"href":"https:\/\/www.industrieceltex.com\/fr\/wp-json\/wp\/v2\/types\/post"}],"author":[{"embeddable":true,"href":"https:\/\/www.industrieceltex.com\/fr\/wp-json\/wp\/v2\/users\/4"}],"replies":[{"embeddable":true,"href":"https:\/\/www.industrieceltex.com\/fr\/wp-json\/wp\/v2\/comments?post=53316"}],"version-history":[{"count":1,"href":"https:\/\/www.industrieceltex.com\/fr\/wp-json\/wp\/v2\/posts\/53316\/revisions"}],"predecessor-version":[{"id":53317,"href":"https:\/\/www.industrieceltex.com\/fr\/wp-json\/wp\/v2\/posts\/53316\/revisions\/53317"}],"wp:featuredmedia":[{"embeddable":true,"href":"https:\/\/www.industrieceltex.com\/fr\/wp-json\/wp\/v2\/media\/53299"}],"wp:attachment":[{"href":"https:\/\/www.industrieceltex.com\/fr\/wp-json\/wp\/v2\/media?parent=53316"}],"wp:term":[{"taxonomy":"category","embeddable":true,"href":"https:\/\/www.industrieceltex.com\/fr\/wp-json\/wp\/v2\/categories?post=53316"},{"taxonomy":"post_tag","embeddable":true,"href":"https:\/\/www.industrieceltex.com\/fr\/wp-json\/wp\/v2\/tags?post=53316"}],"curies":[{"name":"wp","href":"https:\/\/api.w.org\/{rel}","templated":true}]}}