{"id":51213,"date":"2025-12-03T10:27:06","date_gmt":"2025-12-03T09:27:06","guid":{"rendered":"https:\/\/www.industrieceltex.com\/?p=51213"},"modified":"2025-12-04T16:32:25","modified_gmt":"2025-12-04T15:32:25","slug":"valeurs-qui-donnent-lentreprise-40-ans-dindustrie-celtex","status":"publish","type":"post","link":"https:\/\/www.industrieceltex.com\/fr\/valeurs-qui-donnent-lentreprise-40-ans-dindustrie-celtex\/","title":{"rendered":"Valeurs qui donnent l\u2019entreprise : 40 ans d\u2019Industrie Celtex"},"content":{"rendered":"<p><img fetchpriority=\"high\" decoding=\"async\" class=\" wp-image-51162 aligncenter\" src=\"https:\/\/www.industrieceltex.com\/wp-content\/uploads\/2025\/12\/Press-Release_40-anni.webp\" alt=\"\" width=\"1221\" height=\"639\" srcset=\"https:\/\/www.industrieceltex.com\/wp-content\/uploads\/2025\/12\/Press-Release_40-anni.webp 1340w, https:\/\/www.industrieceltex.com\/wp-content\/uploads\/2025\/12\/Press-Release_40-anni-300x157.webp 300w, https:\/\/www.industrieceltex.com\/wp-content\/uploads\/2025\/12\/Press-Release_40-anni-1024x536.webp 1024w, https:\/\/www.industrieceltex.com\/wp-content\/uploads\/2025\/12\/Press-Release_40-anni-768x402.webp 768w, https:\/\/www.industrieceltex.com\/wp-content\/uploads\/2025\/12\/Press-Release_40-anni-535x280.webp 535w, https:\/\/www.industrieceltex.com\/wp-content\/uploads\/2025\/12\/Press-Release_40-anni-951x497.webp 951w, https:\/\/www.industrieceltex.com\/wp-content\/uploads\/2025\/12\/Press-Release_40-anni-995x521.webp 995w\" sizes=\"(max-width: 1221px) 100vw, 1221px\" \/><\/p>\n<p>&nbsp;<\/p>\n<p>Lundi 24 novembre au Pala Todisco, \u00e0 San Giuliano Terme (Pise), s\u2019est d\u00e9roul\u00e9e la soir\u00e9e pour le <strong>40<sup>\u00e8me<\/sup> anniversaire d\u2019Industrie Celtex<\/strong>. Un \u00e9v\u00e9nement qui a r\u00e9uni, dans un moment de v\u00e9ritable partage, tous les salari\u00e9s et les personnes qui ont contribu\u00e9 \u00e0 l\u2019histoire de l\u2019entreprise au fil des ann\u00e9es.<br \/>\nLe fil rouge de l\u2019\u00e9v\u00e9nement \u00ab <em>Valeurs qui donnent l\u2019entreprise<\/em> \u00bb a mis en avant les principes identitaires d\u2019Industrie Celtex : <strong>qualit\u00e9<\/strong>, <strong>innovation<\/strong> et <strong>technologie<\/strong> comme moteur de la comp\u00e9titivit\u00e9 ; <strong>durabilit\u00e9<\/strong> et <strong>ancrage territorial<\/strong> en tant que choix strat\u00e9giques ; les <strong>personnes<\/strong> comme premier facteur du succ\u00e8s. Des valeurs qui, en quatre d\u00e9cennies, ont transform\u00e9 une vision industrielle en un r\u00e9alit\u00e9 internationale orient\u00e9e \u00e0 la croissance.<br \/>\nLa soir\u00e9e, racont\u00e9e sur les pages de <strong>La Nazione<\/strong> et <strong>Il Tirreno<\/strong> a f\u00eat\u00e9 un objectif confirmant la solidit\u00e9 du parcours men\u00e9 en 40 ans et la capacit\u00e9 de regarder vers l\u2019avenir avec vision et continuit\u00e9.<\/p>\n<p><a href=\"https:\/\/www.iltirreno.it\/advertorial\/2025\/11\/28\/news\/industrie-celtex-celebra-40-anni-valori-che-fanno-impresa-1.100797888\"><em>Cliquez ici pour lire l\u2019article complet de <\/em>Il Tirreno<em>.<\/em><\/a><\/p>\n","protected":false},"excerpt":{"rendered":"<p>&nbsp; Lundi 24 novembre au Pala Todisco, \u00e0 San Giuliano Terme (Pise), s\u2019est d\u00e9roul\u00e9e la soir\u00e9e pour le 40\u00e8me anniversaire d\u2019Industrie Celtex. Un \u00e9v\u00e9nement qui a r\u00e9uni, dans un moment de v\u00e9ritable partage, tous les salari\u00e9s et les personnes qui ont&#8230;<\/p>\n","protected":false},"author":4,"featured_media":51156,"comment_status":"closed","ping_status":"closed","sticky":false,"template":"","format":"standard","meta":{"footnotes":""},"categories":[127,129],"tags":[],"class_list":["post-51213","post","type-post","status-publish","format-standard","has-post-thumbnail","hentry","category-communique-de-presse","category-entreprise"],"_links":{"self":[{"href":"https:\/\/www.industrieceltex.com\/fr\/wp-json\/wp\/v2\/posts\/51213","targetHints":{"allow":["GET"]}}],"collection":[{"href":"https:\/\/www.industrieceltex.com\/fr\/wp-json\/wp\/v2\/posts"}],"about":[{"href":"https:\/\/www.industrieceltex.com\/fr\/wp-json\/wp\/v2\/types\/post"}],"author":[{"embeddable":true,"href":"https:\/\/www.industrieceltex.com\/fr\/wp-json\/wp\/v2\/users\/4"}],"replies":[{"embeddable":true,"href":"https:\/\/www.industrieceltex.com\/fr\/wp-json\/wp\/v2\/comments?post=51213"}],"version-history":[{"count":1,"href":"https:\/\/www.industrieceltex.com\/fr\/wp-json\/wp\/v2\/posts\/51213\/revisions"}],"predecessor-version":[{"id":51214,"href":"https:\/\/www.industrieceltex.com\/fr\/wp-json\/wp\/v2\/posts\/51213\/revisions\/51214"}],"wp:featuredmedia":[{"embeddable":true,"href":"https:\/\/www.industrieceltex.com\/fr\/wp-json\/wp\/v2\/media\/51156"}],"wp:attachment":[{"href":"https:\/\/www.industrieceltex.com\/fr\/wp-json\/wp\/v2\/media?parent=51213"}],"wp:term":[{"taxonomy":"category","embeddable":true,"href":"https:\/\/www.industrieceltex.com\/fr\/wp-json\/wp\/v2\/categories?post=51213"},{"taxonomy":"post_tag","embeddable":true,"href":"https:\/\/www.industrieceltex.com\/fr\/wp-json\/wp\/v2\/tags?post=51213"}],"curies":[{"name":"wp","href":"https:\/\/api.w.org\/{rel}","templated":true}]}}