{"id":53320,"date":"2026-01-23T14:38:00","date_gmt":"2026-01-23T13:38:00","guid":{"rendered":"https:\/\/www.industrieceltex.com\/?p=53320"},"modified":"2026-01-23T15:31:33","modified_gmt":"2026-01-23T14:31:33","slug":"industrie-celtex-en-marca-2026","status":"publish","type":"post","link":"https:\/\/www.industrieceltex.com\/es\/industrie-celtex-en-marca-2026\/","title":{"rendered":"Industrie Celtex en Marca 2026"},"content":{"rendered":"<div style=\"display: flex; justify-content: center; align-items: center; width: 100%; padding: 10px 0;\"><video style=\"max-width: 800px; height: 521px; border-radius: 8px; box-shadow: rgba(0, 0, 0, 0.1) 0px 10px 30px;\" poster=\"https:\/\/www.industrieceltex.com\/wp-content\/uploads\/2026\/01\/Progetto-senza-titolo-8.png\" controls=\"controls\" width=\"400\" height=\"80\" data-mce-fragment=\"1\"><span data-mce-type=\"bookmark\" style=\"display: inline-block; width: 0px; overflow: hidden; line-height: 0;\" class=\"mce_SELRES_start\"><\/span><br \/>\n<span data-mce-type=\"bookmark\" style=\"display: inline-block; width: 0px; overflow: hidden; line-height: 0;\" class=\"mce_SELRES_start\"><\/span><source src=\"https:\/\/www.industrieceltex.com\/wp-content\/uploads\/2026\/01\/Post_Video-MARCA.mp4\" type=\"video\/mp4\" \/><span data-mce-type=\"bookmark\" style=\"display: inline-block; width: 0px; overflow: hidden; line-height: 0;\" class=\"mce_SELRES_end\"><\/span><\/video><\/div>\n<div>\n<p>La edici\u00f3n <strong>2026 de Marca by BolognaFiere &amp; ADM<\/strong> se confirm\u00f3 como una de las m\u00e1s significativas de la historia para el mundo de la Marca del Distribuidor: <strong>25.070 visitantes profesionales<\/strong>, un crecimiento del <strong>+9 % respecto a 2025<\/strong> y un ecosistema que hoy genera un valor equivalente a aproximadamente el <strong>10 % del PIB nacional.<\/strong> Un evento que registr\u00f3 el aforo completo en los pabellones y que reforz\u00f3 el papel estrat\u00e9gico de la MDD en el panorama del gran consumo.<\/p>\n<p><strong>Industrie Celtex<\/strong> particip\u00f3 en la feria llevando a su stand su know-how en el mundo del papel tissue y de las <strong>soluciones Private Label dedicadas a la Gran Distribuci\u00f3n Organizada<\/strong>. Una oportunidad de di\u00e1logo directo con socios y profesionales del sector sobre la evoluci\u00f3n del mercado y el valor de una oferta orientada a la calidad, la personalizaci\u00f3n y la fiabilidad productiva. La participaci\u00f3n en Marca 2026 represent\u00f3 tambi\u00e9n un importante momento de visibilidad: en la edici\u00f3n nocturna del 18 de enero, el programa Studio Aperto dedic\u00f3 un reportaje especial a la feria, dando espacio tambi\u00e9n a la presencia de Industrie Celtex, como testimonio del valor del evento y de las empresas involucradas.<\/p>\n<\/div>\n<div><\/div>\n","protected":false},"excerpt":{"rendered":"<p>La edici\u00f3n 2026 de Marca by BolognaFiere &amp; ADM se confirm\u00f3 como una de las m\u00e1s significativas de la historia para el mundo de la Marca del Distribuidor: 25.070 visitantes profesionales, un crecimiento del +9 % respecto a 2025 y un&#8230;<\/p>\n","protected":false},"author":4,"featured_media":53303,"comment_status":"closed","ping_status":"closed","sticky":false,"template":"","format":"standard","meta":{"footnotes":""},"categories":[206],"tags":[],"class_list":["post-53320","post","type-post","status-publish","format-standard","has-post-thumbnail","hentry","category-blog-es"],"_links":{"self":[{"href":"https:\/\/www.industrieceltex.com\/es\/wp-json\/wp\/v2\/posts\/53320","targetHints":{"allow":["GET"]}}],"collection":[{"href":"https:\/\/www.industrieceltex.com\/es\/wp-json\/wp\/v2\/posts"}],"about":[{"href":"https:\/\/www.industrieceltex.com\/es\/wp-json\/wp\/v2\/types\/post"}],"author":[{"embeddable":true,"href":"https:\/\/www.industrieceltex.com\/es\/wp-json\/wp\/v2\/users\/4"}],"replies":[{"embeddable":true,"href":"https:\/\/www.industrieceltex.com\/es\/wp-json\/wp\/v2\/comments?post=53320"}],"version-history":[{"count":1,"href":"https:\/\/www.industrieceltex.com\/es\/wp-json\/wp\/v2\/posts\/53320\/revisions"}],"predecessor-version":[{"id":53321,"href":"https:\/\/www.industrieceltex.com\/es\/wp-json\/wp\/v2\/posts\/53320\/revisions\/53321"}],"wp:featuredmedia":[{"embeddable":true,"href":"https:\/\/www.industrieceltex.com\/es\/wp-json\/wp\/v2\/media\/53303"}],"wp:attachment":[{"href":"https:\/\/www.industrieceltex.com\/es\/wp-json\/wp\/v2\/media?parent=53320"}],"wp:term":[{"taxonomy":"category","embeddable":true,"href":"https:\/\/www.industrieceltex.com\/es\/wp-json\/wp\/v2\/categories?post=53320"},{"taxonomy":"post_tag","embeddable":true,"href":"https:\/\/www.industrieceltex.com\/es\/wp-json\/wp\/v2\/tags?post=53320"}],"curies":[{"name":"wp","href":"https:\/\/api.w.org\/{rel}","templated":true}]}}