{"id":55818,"date":"2026-04-17T15:36:14","date_gmt":"2026-04-17T13:36:14","guid":{"rendered":"https:\/\/www.industrieceltex.com\/?p=55818"},"modified":"2026-04-22T16:59:32","modified_gmt":"2026-04-22T14:59:32","slug":"interclean-2026","status":"publish","type":"post","link":"https:\/\/www.industrieceltex.com\/de\/interclean-2026\/","title":{"rendered":"Interclean 2026"},"content":{"rendered":"<p><img fetchpriority=\"high\" decoding=\"async\" class=\"alignnone size-full wp-image-55755\" src=\"https:\/\/www.industrieceltex.com\/wp-content\/uploads\/2026\/04\/Industrie-Celtex-at-Interclean.jpg\" alt=\"foto di gruppo con colleghi Industrie Celtex sullo stand\" width=\"1341\" height=\"701\" srcset=\"https:\/\/www.industrieceltex.com\/wp-content\/uploads\/2026\/04\/Industrie-Celtex-at-Interclean.jpg 1341w, https:\/\/www.industrieceltex.com\/wp-content\/uploads\/2026\/04\/Industrie-Celtex-at-Interclean-300x157.jpg 300w, https:\/\/www.industrieceltex.com\/wp-content\/uploads\/2026\/04\/Industrie-Celtex-at-Interclean-1024x535.jpg 1024w, https:\/\/www.industrieceltex.com\/wp-content\/uploads\/2026\/04\/Industrie-Celtex-at-Interclean-768x401.jpg 768w, https:\/\/www.industrieceltex.com\/wp-content\/uploads\/2026\/04\/Industrie-Celtex-at-Interclean-535x280.jpg 535w, https:\/\/www.industrieceltex.com\/wp-content\/uploads\/2026\/04\/Industrie-Celtex-at-Interclean-951x497.jpg 951w, https:\/\/www.industrieceltex.com\/wp-content\/uploads\/2026\/04\/Industrie-Celtex-at-Interclean-995x521.jpg 995w\" sizes=\"(max-width: 1341px) 100vw, 1341px\" \/><\/p>\n<p>Die Teilnahme von Industrie Celtex an der <strong>Interclean Amsterdam 2026<\/strong> ist zu Ende gegangen, einer internationalen Leitveranstaltung f\u00fcr den Bereich der professionellen Reinigung und Hygiene.<\/p>\n<p>W\u00e4hrend der Messe stellte der Unternehmensstand einen wichtigen Treffpunkt f\u00fcr Partner, Vertriebspartner und Fachbesucher aus verschiedenen M\u00e4rkten dar. Dabei bot sich die Gelegenheit, Systeme und L\u00f6sungen f\u00fcr die <strong>professionelle Hygiene<\/strong> zu pr\u00e4sentieren und besonders positive R\u00fcckmeldungen von den Besuchern zu erhalten. Der pers\u00f6nliche Austausch bleibt ein zentrales Element f\u00fcr den Aufbau stabiler Beziehungen sowie f\u00fcr den Dialog \u00fcber Erfahrungen und zuk\u00fcnftige Perspektiven.<\/p>\n<p>Erfahrungen wie die Interclean tragen dazu bei, den Wachstumskurs und die Pr\u00e4senz des Unternehmens auf internationalen M\u00e4rkten weiter zu st\u00e4rken \u2013 im Einklang mit einem kontinuierlichen Engagement f\u00fcr Innovation, Qualit\u00e4t und nachhaltige Entwicklung.<\/p>\n","protected":false},"excerpt":{"rendered":"<p>Die Teilnahme von Industrie Celtex an der Interclean Amsterdam 2026 ist zu Ende gegangen, einer internationalen Leitveranstaltung f\u00fcr den Bereich der professionellen Reinigung und Hygiene. W\u00e4hrend der Messe stellte der Unternehmensstand einen wichtigen Treffpunkt f\u00fcr Partner, Vertriebspartner und Fachbesucher aus verschiedenen&#8230;<\/p>\n","protected":false},"author":4,"featured_media":55765,"comment_status":"closed","ping_status":"closed","sticky":false,"template":"","format":"standard","meta":{"footnotes":""},"categories":[201],"tags":[],"class_list":["post-55818","post","type-post","status-publish","format-standard","has-post-thumbnail","hentry","category-blog-de"],"_links":{"self":[{"href":"https:\/\/www.industrieceltex.com\/de\/wp-json\/wp\/v2\/posts\/55818","targetHints":{"allow":["GET"]}}],"collection":[{"href":"https:\/\/www.industrieceltex.com\/de\/wp-json\/wp\/v2\/posts"}],"about":[{"href":"https:\/\/www.industrieceltex.com\/de\/wp-json\/wp\/v2\/types\/post"}],"author":[{"embeddable":true,"href":"https:\/\/www.industrieceltex.com\/de\/wp-json\/wp\/v2\/users\/4"}],"replies":[{"embeddable":true,"href":"https:\/\/www.industrieceltex.com\/de\/wp-json\/wp\/v2\/comments?post=55818"}],"version-history":[{"count":1,"href":"https:\/\/www.industrieceltex.com\/de\/wp-json\/wp\/v2\/posts\/55818\/revisions"}],"predecessor-version":[{"id":55819,"href":"https:\/\/www.industrieceltex.com\/de\/wp-json\/wp\/v2\/posts\/55818\/revisions\/55819"}],"wp:featuredmedia":[{"embeddable":true,"href":"https:\/\/www.industrieceltex.com\/de\/wp-json\/wp\/v2\/media\/55765"}],"wp:attachment":[{"href":"https:\/\/www.industrieceltex.com\/de\/wp-json\/wp\/v2\/media?parent=55818"}],"wp:term":[{"taxonomy":"category","embeddable":true,"href":"https:\/\/www.industrieceltex.com\/de\/wp-json\/wp\/v2\/categories?post=55818"},{"taxonomy":"post_tag","embeddable":true,"href":"https:\/\/www.industrieceltex.com\/de\/wp-json\/wp\/v2\/tags?post=55818"}],"curies":[{"name":"wp","href":"https:\/\/api.w.org\/{rel}","templated":true}]}}