{"id":53318,"date":"2026-01-23T14:38:00","date_gmt":"2026-01-23T13:38:00","guid":{"rendered":"https:\/\/www.industrieceltex.com\/?p=53318"},"modified":"2026-01-23T15:30:04","modified_gmt":"2026-01-23T14:30:04","slug":"industrie-celtex-auf-der-marca-2026","status":"publish","type":"post","link":"https:\/\/www.industrieceltex.com\/de\/industrie-celtex-auf-der-marca-2026\/","title":{"rendered":"Industrie Celtex auf der Marca 2026"},"content":{"rendered":"<div style=\"display: flex; justify-content: center; align-items: center; width: 100%; padding: 10px 0;\"><video style=\"max-width: 800px; height: 521px; border-radius: 8px; box-shadow: rgba(0, 0, 0, 0.1) 0px 10px 30px;\" poster=\"https:\/\/www.industrieceltex.com\/wp-content\/uploads\/2026\/01\/Progetto-senza-titolo-8.png\" controls=\"controls\" width=\"400\" height=\"80\" data-mce-fragment=\"1\"><span data-mce-type=\"bookmark\" style=\"display: inline-block; width: 0px; overflow: hidden; line-height: 0;\" class=\"mce_SELRES_start\"><\/span><br \/>\n<span data-mce-type=\"bookmark\" style=\"display: inline-block; width: 0px; overflow: hidden; line-height: 0;\" class=\"mce_SELRES_start\"><\/span><source src=\"https:\/\/www.industrieceltex.com\/wp-content\/uploads\/2026\/01\/Post_Video-MARCA.mp4\" type=\"video\/mp4\" \/><span data-mce-type=\"bookmark\" style=\"display: inline-block; width: 0px; overflow: hidden; line-height: 0;\" class=\"mce_SELRES_end\"><\/span><\/video><\/div>\n<div>\n<p>Die Ausgabe 2026 der <strong>Marca by BolognaFiere &amp; ADM<\/strong> best\u00e4tigte sich als eine der bedeutendsten aller Zeiten f\u00fcr die Welt der Handelsmarken: <strong>25.070 Fachbesucher<\/strong>, ein Wachstum von <strong>+9 % im Vergleich zu 2025<\/strong> und ein \u00d6kosystem, das heute einen Wert von rund <strong>10 % des nationalen BIP generiert<\/strong>. Eine Veranstaltung, die in den Messehallen ausgebucht war und die strategische Rolle der Handelsmarke im FMCG-Sektor weiter gest\u00e4rkt hat.<\/p>\n<p><strong>Industrie Celtex<\/strong> nahm an der Veranstaltung teil und pr\u00e4sentierte an seinem Stand sein Know-how im Bereich Tissuepapier sowie <strong>Private-Label-L\u00f6sungen f\u00fcr den gro\u00dffl\u00e4chigen Einzelhandel<\/strong>. Eine Gelegenheit zum direkten Austausch mit Partnern und Branchenexperten \u00fcber die Marktentwicklungen und den Wert eines Angebots, das auf Qualit\u00e4t, Individualisierung und Produktionszuverl\u00e4ssigkeit ausgerichtet ist. Die Teilnahme an der Marca 2026 stellte auch einen wichtigen Moment der Sichtbarkeit dar: In der Abendausgabe vom 18. Januar widmete die Nachrichtensendung Studio Aperto der Messe einen Sonderbericht und hob dabei auch die Pr\u00e4senz von Industrie Celtex hervor \u2013 als Beleg f\u00fcr den Wert der Veranstaltung und der beteiligten Unternehmen.<\/p>\n<\/div>\n<div><\/div>\n","protected":false},"excerpt":{"rendered":"<p>Die Ausgabe 2026 der Marca by BolognaFiere &amp; ADM best\u00e4tigte sich als eine der bedeutendsten aller Zeiten f\u00fcr die Welt der Handelsmarken: 25.070 Fachbesucher, ein Wachstum von +9 % im Vergleich zu 2025 und ein \u00d6kosystem, das heute einen Wert von&#8230;<\/p>\n","protected":false},"author":4,"featured_media":53300,"comment_status":"closed","ping_status":"closed","sticky":false,"template":"","format":"standard","meta":{"footnotes":""},"categories":[201],"tags":[],"class_list":["post-53318","post","type-post","status-publish","format-standard","has-post-thumbnail","hentry","category-blog-de"],"_links":{"self":[{"href":"https:\/\/www.industrieceltex.com\/de\/wp-json\/wp\/v2\/posts\/53318","targetHints":{"allow":["GET"]}}],"collection":[{"href":"https:\/\/www.industrieceltex.com\/de\/wp-json\/wp\/v2\/posts"}],"about":[{"href":"https:\/\/www.industrieceltex.com\/de\/wp-json\/wp\/v2\/types\/post"}],"author":[{"embeddable":true,"href":"https:\/\/www.industrieceltex.com\/de\/wp-json\/wp\/v2\/users\/4"}],"replies":[{"embeddable":true,"href":"https:\/\/www.industrieceltex.com\/de\/wp-json\/wp\/v2\/comments?post=53318"}],"version-history":[{"count":1,"href":"https:\/\/www.industrieceltex.com\/de\/wp-json\/wp\/v2\/posts\/53318\/revisions"}],"predecessor-version":[{"id":53319,"href":"https:\/\/www.industrieceltex.com\/de\/wp-json\/wp\/v2\/posts\/53318\/revisions\/53319"}],"wp:featuredmedia":[{"embeddable":true,"href":"https:\/\/www.industrieceltex.com\/de\/wp-json\/wp\/v2\/media\/53300"}],"wp:attachment":[{"href":"https:\/\/www.industrieceltex.com\/de\/wp-json\/wp\/v2\/media?parent=53318"}],"wp:term":[{"taxonomy":"category","embeddable":true,"href":"https:\/\/www.industrieceltex.com\/de\/wp-json\/wp\/v2\/categories?post=53318"},{"taxonomy":"post_tag","embeddable":true,"href":"https:\/\/www.industrieceltex.com\/de\/wp-json\/wp\/v2\/tags?post=53318"}],"curies":[{"name":"wp","href":"https:\/\/api.w.org\/{rel}","templated":true}]}}