{"id":51215,"date":"2025-12-03T10:27:06","date_gmt":"2025-12-03T09:27:06","guid":{"rendered":"https:\/\/www.industrieceltex.com\/?p=51215"},"modified":"2025-12-04T17:37:53","modified_gmt":"2025-12-04T16:37:53","slug":"werte-die-unternehmen-praegen-40-jahre-von-industrie-celtex","status":"publish","type":"post","link":"https:\/\/www.industrieceltex.com\/de\/werte-die-unternehmen-praegen-40-jahre-von-industrie-celtex\/","title":{"rendered":"Werte, die Unternehmen pr\u00e4gen: 40 Jahre von Industrie Celtex"},"content":{"rendered":"<p><img fetchpriority=\"high\" decoding=\"async\" class=\" wp-image-51162 aligncenter\" src=\"https:\/\/www.industrieceltex.com\/wp-content\/uploads\/2025\/12\/Press-Release_40-anni.webp\" alt=\"\" width=\"1221\" height=\"639\" srcset=\"https:\/\/www.industrieceltex.com\/wp-content\/uploads\/2025\/12\/Press-Release_40-anni.webp 1340w, https:\/\/www.industrieceltex.com\/wp-content\/uploads\/2025\/12\/Press-Release_40-anni-300x157.webp 300w, https:\/\/www.industrieceltex.com\/wp-content\/uploads\/2025\/12\/Press-Release_40-anni-1024x536.webp 1024w, https:\/\/www.industrieceltex.com\/wp-content\/uploads\/2025\/12\/Press-Release_40-anni-768x402.webp 768w, https:\/\/www.industrieceltex.com\/wp-content\/uploads\/2025\/12\/Press-Release_40-anni-535x280.webp 535w, https:\/\/www.industrieceltex.com\/wp-content\/uploads\/2025\/12\/Press-Release_40-anni-951x497.webp 951w, https:\/\/www.industrieceltex.com\/wp-content\/uploads\/2025\/12\/Press-Release_40-anni-995x521.webp 995w\" sizes=\"(max-width: 1221px) 100vw, 1221px\" \/><\/p>\n<p>&nbsp;<\/p>\n<p>Am Montag, den 24. November, fand in der Pala Todisco in San Giuliano Terme (Pisa) das Abendevent zum <strong>40-j\u00e4hrigen Jubil\u00e4um von Industrie Celtex<\/strong> statt. Eine Veranstaltung, die das Personal sowie alle Personen, die im Laufe der Jahre zur Geschichte des Unternehmens beigetragen haben, in einem Moment echter Gemeinschaft zusammenbrachte.<br \/>\nDas Leitmotiv der Veranstaltung, \u201eWerte, die Unternehmen pr\u00e4gen\u201c, hob die identit\u00e4tsstiftenden Prinzipien von Industrie Celtex hervor: <strong>Qualit\u00e4t<\/strong>, <strong>Innovation<\/strong> und <strong>Technologie<\/strong> als Motoren der Wettbewerbsf\u00e4higkeit; <strong>Nachhaltigkeit<\/strong> und die <strong>Verbindung zum Territorium<\/strong> als strategische Entscheidungen; <strong>Menschen<\/strong> als wichtigsten Erfolgsfaktor. Werte, die in vier Jahrzehnten eine industrielle Vision in eine international ausgerichtete Wachstumsrealit\u00e4t verwandelt haben.<br \/>\nDer Abend, der auch auf den Seiten von <strong>La Nazione<\/strong> und <strong>Il Tirreno<\/strong> berichtet wurde, feierte einen Meilenstein, der die Solidit\u00e4t des in 40 Jahren zur\u00fcckgelegten Weges und die F\u00e4higkeit best\u00e4tigt, mit Weitblick und Kontinuit\u00e4t in die Zukunft zu blicken.<\/p>\n<p><a href=\"https:\/\/www.iltirreno.it\/advertorial\/2025\/11\/28\/news\/industrie-celtex-celebra-40-anni-valori-che-fanno-impresa-1.100797888\">Hier klicken, um den Artikel der Il\u202fTirreno zu lesen.<\/a><\/p>\n<p>&nbsp;<\/p>\n","protected":false},"excerpt":{"rendered":"<p>&nbsp; Am Montag, den 24. November, fand in der Pala Todisco in San Giuliano Terme (Pisa) das Abendevent zum 40-j\u00e4hrigen Jubil\u00e4um von Industrie Celtex statt. Eine Veranstaltung, die das Personal sowie alle Personen, die im Laufe der Jahre zur Geschichte des&#8230;<\/p>\n","protected":false},"author":4,"featured_media":51157,"comment_status":"closed","ping_status":"closed","sticky":false,"template":"","format":"standard","meta":{"footnotes":""},"categories":[395,190],"tags":[],"class_list":["post-51215","post","type-post","status-publish","format-standard","has-post-thumbnail","hentry","category-corporate-de","category-pressemitteilung"],"_links":{"self":[{"href":"https:\/\/www.industrieceltex.com\/de\/wp-json\/wp\/v2\/posts\/51215","targetHints":{"allow":["GET"]}}],"collection":[{"href":"https:\/\/www.industrieceltex.com\/de\/wp-json\/wp\/v2\/posts"}],"about":[{"href":"https:\/\/www.industrieceltex.com\/de\/wp-json\/wp\/v2\/types\/post"}],"author":[{"embeddable":true,"href":"https:\/\/www.industrieceltex.com\/de\/wp-json\/wp\/v2\/users\/4"}],"replies":[{"embeddable":true,"href":"https:\/\/www.industrieceltex.com\/de\/wp-json\/wp\/v2\/comments?post=51215"}],"version-history":[{"count":1,"href":"https:\/\/www.industrieceltex.com\/de\/wp-json\/wp\/v2\/posts\/51215\/revisions"}],"predecessor-version":[{"id":51216,"href":"https:\/\/www.industrieceltex.com\/de\/wp-json\/wp\/v2\/posts\/51215\/revisions\/51216"}],"wp:featuredmedia":[{"embeddable":true,"href":"https:\/\/www.industrieceltex.com\/de\/wp-json\/wp\/v2\/media\/51157"}],"wp:attachment":[{"href":"https:\/\/www.industrieceltex.com\/de\/wp-json\/wp\/v2\/media?parent=51215"}],"wp:term":[{"taxonomy":"category","embeddable":true,"href":"https:\/\/www.industrieceltex.com\/de\/wp-json\/wp\/v2\/categories?post=51215"},{"taxonomy":"post_tag","embeddable":true,"href":"https:\/\/www.industrieceltex.com\/de\/wp-json\/wp\/v2\/tags?post=51215"}],"curies":[{"name":"wp","href":"https:\/\/api.w.org\/{rel}","templated":true}]}}